{"id":6504,"date":"2025-08-17T06:06:19","date_gmt":"2025-08-17T06:06:19","guid":{"rendered":"https:\/\/s-shaper.com\/?p=6504"},"modified":"2025-05-23T06:25:40","modified_gmt":"2025-05-23T06:25:40","slug":"fajas20250801","status":"publish","type":"post","link":"https:\/\/s-shaper.com\/fr\/fajas20250801\/","title":{"rendered":"Fajas colombiennes pour les d\u00e9taillants : Le guide B2B ultime pour l'approvisionnement, la vente en gros et l'expansion de la marque"},"content":{"rendered":"<h2 class=\"wp-block-heading\">1. Pourquoi les fajas colombiennes sont-elles tr\u00e8s demand\u00e9es dans le monde entier ?<\/h2>\n\n\n\n<p>Les fajas colombiennes - v\u00eatements de compression d\u00e9velopp\u00e9s \u00e0 l'origine en Am\u00e9rique latine - sont devenues une tendance mondiale sur le march\u00e9 des v\u00eatements de forme et des v\u00eatements post-chirurgicaux. Leur popularit\u00e9 a grimp\u00e9 en fl\u00e8che en raison de leur capacit\u00e9 de mise en forme sup\u00e9rieure, de leur polyvalence et de l'essor des mouvements de positivit\u00e9 corporelle qui encouragent les consommateurs \u00e0 embrasser leurs courbes naturelles tout en renfor\u00e7ant leur confiance en eux.<\/p>\n\n\n\n<h3 class=\"wp-block-heading\">Croissance de la demande du march\u00e9<\/h3>\n\n\n\n<figure class=\"wp-block-table\"><table class=\"has-fixed-layout\"><thead><tr><th>R\u00e9gion<\/th><th>Demande 2020 ($M)<\/th><th>Demande projet\u00e9e en 2025 ($M)<\/th><th>CAGR (%)<\/th><\/tr><\/thead><tbody><tr><td>Am\u00e9rique du Nord<\/td><td>350<\/td><td>620<\/td><td>12.5<\/td><\/tr><tr><td>L'Europe<\/td><td>290<\/td><td>500<\/td><td>11.7<\/td><\/tr><tr><td>Am\u00e9rique latine<\/td><td>420<\/td><td>700<\/td><td>10.8<\/td><\/tr><tr><td>Asie-Pacifique<\/td><td>200<\/td><td>450<\/td><td>16.3<\/td><\/tr><\/tbody><\/table><\/figure>\n\n\n\n<p><strong>Source<\/strong>: Rapport sur le march\u00e9 mondial des v\u00eatements moulants, 2023<\/p>\n\n\n\n<h3 class=\"wp-block-heading\">Pourquoi les d\u00e9taillants aiment les fajas colombiennes<\/h3>\n\n\n\n<ul class=\"wp-block-list\">\n<li><strong>Un savoir-faire authentique<\/strong>: Connus pour leur pr\u00e9cision artisanale et leurs mat\u00e9riaux de haute qualit\u00e9.<\/li>\n\n\n\n<li><strong>Technologie de haute compression<\/strong>: Offre une forme sup\u00e9rieure et soutient la posture.<\/li>\n\n\n\n<li><strong>Utilisation post-chirurgicale<\/strong>: Recommand\u00e9 par les chirurgiens plasticiens pour la r\u00e9cup\u00e9ration apr\u00e8s des interventions telles que la liposuccion ou la plastie abdominale.<\/li>\n\n\n\n<li><strong>Influence culturelle<\/strong>: Les marques colombiennes lancent la tendance des silhouettes courbes et de la mode fonctionnelle.<\/li>\n<\/ul>\n\n\n\n<h3 class=\"wp-block-heading\">Moteurs de la demande B2B<\/h3>\n\n\n\n<ul class=\"wp-block-list\">\n<li>Des taux de commande \u00e9lev\u00e9s sur des plateformes de commerce \u00e9lectronique telles qu'Amazon, Shopify et Etsy.<\/li>\n\n\n\n<li>Les cliniques de bien-\u00eatre et de beaut\u00e9 les proposent dans le cadre de forfaits de r\u00e9cup\u00e9ration post-op\u00e9ratoire.<\/li>\n\n\n\n<li>Les influenceurs du monde du fitness et les c\u00e9l\u00e9brit\u00e9s font la promotion des fajas en tant qu'\u00e9l\u00e9ments essentiels du quotidien.<\/li>\n<\/ul>\n\n\n\n<hr class=\"wp-block-separator has-alpha-channel-opacity\"\/>\n\n\n\n<h2 class=\"wp-block-heading\">2. Principaux avantages des fajas colombiennes pour les d\u00e9taillants et les marques priv\u00e9es<\/h2>\n\n\n\n<p>Que vous soyez propri\u00e9taire d'une boutique, d'un site de vente en ligne ou d'une clinique de bien-\u00eatre, les fajas colombiennes peuvent constituer un ajout important \u00e0 votre gamme de produits. Voici pourquoi les acheteurs B2B investissent de plus en plus dans cette cat\u00e9gorie.<\/p>\n\n\n\n<h3 class=\"wp-block-heading\">1. Des marges b\u00e9n\u00e9ficiaires \u00e9lev\u00e9es<\/h3>\n\n\n\n<p>Les fajas colombiennes offrent g\u00e9n\u00e9ralement des marges de 2,5 \u00e0 4 fois sup\u00e9rieures \u00e0 celles des grossistes, ce qui les rend particuli\u00e8rement attrayantes pour les revendeurs.<\/p>\n\n\n\n<figure class=\"wp-block-table\"><table class=\"has-fixed-layout\"><thead><tr><th>Type de produit<\/th><th>Moyenne Prix de gros<\/th><th>Prix moyen Prix de d\u00e9tail<\/th><th>Marge (%)<\/th><\/tr><\/thead><tbody><tr><td>\u00c9tape 2 Fajas<\/td><td>$25-$35<\/td><td>$70-$120<\/td><td>180-240%<\/td><\/tr><tr><td>Cintres<\/td><td>18\u201325 $<\/td><td>$50-$80<\/td><td>150-220%<\/td><\/tr><tr><td>Combinaison int\u00e9grale Fajas<\/td><td>$30-$45<\/td><td>$85-$150<\/td><td>180-230%<\/td><\/tr><\/tbody><\/table><\/figure>\n\n\n\n<h3 class=\"wp-block-heading\">2. Diversit\u00e9 des segments du public<\/h3>\n\n\n\n<ul class=\"wp-block-list\">\n<li><strong><a href=\"https:\/\/en.wikipedia.org\/wiki\/Postpartum_period\" target=\"_blank\" rel=\"noopener\">Post-partum<\/a> Les femmes<\/strong>: Recherche d'un soutien abdominal et d'une restauration du corps.<\/li>\n\n\n\n<li><strong>Patients post-chirurgicaux<\/strong>: N\u00e9cessaire pour la th\u00e9rapie par compression.<\/li>\n\n\n\n<li><strong>Amateurs de fitness<\/strong>: Pour remodeler la taille et les contours du corps pendant les s\u00e9ances d'entra\u00eenement.<\/li>\n\n\n\n<li><strong>Consommateurs de mode<\/strong>: Vous recherchez des v\u00eatements amincissants pour les tenues habill\u00e9es et d\u00e9contract\u00e9es.<\/li>\n<\/ul>\n\n\n\n<h3 class=\"wp-block-heading\">3. Faibles taux de retour<\/h3>\n\n\n\n<p>Les fajas, lorsqu'elles sont correctement dimensionn\u00e9es et commercialis\u00e9es, ont tendance \u00e0 avoir des taux de retour plus faibles que les v\u00eatements en g\u00e9n\u00e9ral, en raison de leur nature fonctionnelle et de leurs avantages li\u00e9s \u00e0 la performance.<\/p>\n\n\n\n<h3 class=\"wp-block-heading\">4. Fid\u00e9lit\u00e9 \u00e0 la marque et achats r\u00e9p\u00e9t\u00e9s<\/h3>\n\n\n\n<p>Les clients qui ach\u00e8tent un faja reviennent souvent pour d'autres mod\u00e8les ou d'autres tailles, ce qui fait de ce produit un excellent choix pour la valeur du cycle de vie du client.<\/p>\n\n\n\n<hr class=\"wp-block-separator has-alpha-channel-opacity\"\/>\n\n\n\n<h2 class=\"wp-block-heading\">3. Principales caract\u00e9ristiques \u00e0 rechercher dans les fajas colombiennes de haute qualit\u00e9<\/h2>\n\n\n\n<p>Si vous \u00eates un distributeur ou un d\u00e9taillant \u00e0 la recherche des meilleures fajas colombiennes \u00e0 stocker, l'\u00e9valuation des caract\u00e9ristiques du produit est cruciale pour une r\u00e9ussite \u00e0 long terme.<\/p>\n\n\n\n<h3 class=\"wp-block-heading\">Caract\u00e9ristiques principales du produit<\/h3>\n\n\n\n<figure class=\"wp-block-table\"><table class=\"has-fixed-layout\"><thead><tr><th>Fonctionnalit\u00e9<\/th><th>L'importance pour les d\u00e9taillants et les utilisateurs finaux<\/th><\/tr><\/thead><tbody><tr><td>Tissu Powernet<\/td><td>Durable et respirant ; offre une compression \u00e9lev\u00e9e tout en \u00e9tant confortable<\/td><\/tr><tr><td>Doublure int\u00e9rieure en coton<\/td><td>Doux pour la peau, parfait pour les personnes sensibles apr\u00e8s une op\u00e9ration ou un accouchement.<\/td><\/tr><tr><td>Fermetures \u00e0 crochets et \u0153illets<\/td><td>Coupe ajustable pour s'adapter aux changements corporels et r\u00e9duire les retours<\/td><\/tr><tr><td>Ourlets en dentelle de silicone<\/td><td>Emp\u00eache l'enroulement ; assure un port fluide sous les v\u00eatements<\/td><\/tr><tr><td>Bretelles ou soutien-gorge amovibles<\/td><td>Augmente la polyvalence pour diff\u00e9rentes tenues et occasions<\/td><\/tr><tr><td>Renforcement des fermetures \u00e0 glissi\u00e8re<\/td><td>Facilit\u00e9 d'utilisation et long\u00e9vit\u00e9 accrue des v\u00eatements<\/td><\/tr><tr><td>Conception de levage de fesses<\/td><td>Caract\u00e9ristique populaire pour l'am\u00e9lioration de l'esth\u00e9tique et l'attrait de la mode<\/td><\/tr><\/tbody><\/table><\/figure>\n\n\n\n<h3 class=\"wp-block-heading\">Certifications et normes de qualit\u00e9<\/h3>\n\n\n\n<p>Lors de l'achat de fajas colombiennes, il convient de s'assurer que les fabricants respectent les normes en vigueur :<\/p>\n\n\n\n<ul class=\"wp-block-list\">\n<li>ISO 9001 Gestion de la qualit\u00e9<\/li>\n\n\n\n<li>Certification OEKO-TEX\u00ae pour la s\u00e9curit\u00e9 des tissus<\/li>\n\n\n\n<li>Rapports d'inspection SGS ou Intertek<\/li>\n<\/ul>\n\n\n\n<p>Ces certifications garantissent aux acheteurs en gros et aux distributeurs que le produit r\u00e9pond aux normes de qualit\u00e9 internationales.<\/p>\n\n\n\n<h3 class=\"wp-block-heading\">Variantes de style \u00e0 proposer aux d\u00e9taillants<\/h3>\n\n\n\n<ul class=\"wp-block-list\">\n<li><strong>Fajas post-chirurgicales des stades 1 et 2<\/strong><\/li>\n\n\n\n<li><strong>Body Shapers avec ou sans soutien-gorge<\/strong><\/li>\n\n\n\n<li><strong>Fajas \u00e0 jambes courtes<\/strong><\/li>\n\n\n\n<li><strong>Fajas \u00e0 buste ouvert<\/strong><\/li>\n\n\n\n<li><strong>Ceintures de taille et ceintures de training<\/strong><\/li>\n<\/ul>\n\n\n\n<p>En stockant plusieurs variantes, vous am\u00e9liorez la valeur moyenne de vos commandes et la satisfaction de vos clients.<\/p>\n\n\n\n<hr class=\"wp-block-separator has-alpha-channel-opacity\"\/>\n\n\n\n<p>\u27a1\ufe0f Vous souhaitez int\u00e9grer des v\u00eatements de forme de qualit\u00e9 sup\u00e9rieure de style colombien dans votre strat\u00e9gie de vente au d\u00e9tail ? <a href=\"https:\/\/s-shaper.com\/fr\/\" target=\"_blank\" rel=\"noreferrer noopener\">S-SHAPER<\/a> offre des services de fabrication OEM\/ODM avanc\u00e9s pour les entreprises qui recherchent des solutions de marque priv\u00e9e ou des commandes en gros. Avec une conception interne, un prototypage en 48 heures et une logistique mondiale, S-SHAPER est votre partenaire strat\u00e9gique pour la croissance.<\/p>\n\n\n\n<h2 class=\"wp-block-heading\">4. Les meilleurs fabricants de fajas colombiennes pour les commandes en gros et les commandes OEM<\/h2>\n\n\n\n<p>Si vous souhaitez stocker d'authentiques fajas colombiennes ou reproduire leur succ\u00e8s avec votre propre marque, il est essentiel de choisir le bon fabricant. Que vous souhaitiez acheter des fajas pr\u00eates \u00e0 l'emploi en gros ou d\u00e9velopper une ligne de produits sous marque de distributeur, ces fabricants sont r\u00e9put\u00e9s pour leur qualit\u00e9, leur fiabilit\u00e9 et leur soutien B2B.<\/p>\n\n\n\n<h3 class=\"wp-block-heading\">Principaux fabricants colombiens de faja<\/h3>\n\n\n\n<figure class=\"wp-block-table\"><table class=\"has-fixed-layout\"><thead><tr><th>Fabricant<\/th><th>Emplacement<\/th><th>MOQ<\/th><th>Principaux atouts<\/th><th>OEM\/ODM<\/th><th>Site web<\/th><\/tr><\/thead><tbody><tr><td>Fajate<\/td><td>Medell\u00edn<\/td><td>100 pi\u00e8ces<\/td><td>Des fajas post-chirurgicales haut de gamme, une r\u00e9putation mondiale<\/td><td>Oui<\/td><td><a href=\"http:\/\/www.fajate.com\/\" target=\"_blank\" rel=\"noreferrer noopener\">www.fajate.com<\/a><\/td><\/tr><tr><td>Diane &amp; Geordi<\/td><td>Cali<\/td><td>100 pi\u00e8ces<\/td><td>V\u00eatements de forme et de compression quotidienne \u00e0 la pointe de la mode<\/td><td>Oui<\/td><td><a href=\"http:\/\/www.diane.com.co\/\" target=\"_blank\" rel=\"noreferrer noopener\">www.diane.com.co<\/a><\/td><\/tr><tr><td>Salom\u00e9 Fajas<\/td><td>Medell\u00edn<\/td><td>50 pi\u00e8ces<\/td><td>Les fajas de levage de fesses et les appareils de musculation pour la taille<\/td><td>Oui<\/td><td><a href=\"http:\/\/www.salomefajas.com\/\" target=\"_blank\" rel=\"noreferrer noopener\">www.salomefajas.com<\/a><\/td><\/tr><tr><td>Ann Chery<\/td><td>Bogot\u00e1<\/td><td>100 pi\u00e8ces<\/td><td>Tailleurs et fajas approuv\u00e9s par les c\u00e9l\u00e9brit\u00e9s<\/td><td>Non<\/td><td><a href=\"http:\/\/www.annchery.com\/\" target=\"_blank\" rel=\"noreferrer noopener\">www.annchery.com<\/a><\/td><\/tr><tr><td>MariaE Fajas<\/td><td>Medell\u00edn<\/td><td>50 pi\u00e8ces<\/td><td>V\u00eatements de compression de qualit\u00e9 m\u00e9dicale de stade 1 et 2<\/td><td>Oui<\/td><td><a href=\"http:\/\/www.mariae.com.co\/\" target=\"_blank\" rel=\"noreferrer noopener\">www.mariae.com.co<\/a><\/td><\/tr><\/tbody><\/table><\/figure>\n\n\n\n<blockquote class=\"wp-block-quote is-layout-flow wp-block-quote-is-layout-flow\">\n<p>\u2705 <strong>Remarque<\/strong>: Lorsque vous travaillez avec des fabricants colombiens, tenez toujours compte des d\u00e9lais logistiques, des droits de douane et des fuseaux horaires de communication. L'exp\u00e9dition depuis la Colombie peut prendre de 2 \u00e0 4 semaines en fonction de votre situation g\u00e9ographique.<\/p>\n<\/blockquote>\n\n\n\n<h3 class=\"wp-block-heading\">D\u00e9fis li\u00e9s \u00e0 la collaboration avec les usines colombiennes de Faja<\/h3>\n\n\n\n<ul class=\"wp-block-list\">\n<li><strong>Des d\u00e9lais plus longs<\/strong>: En raison du fret international et des douanes.<\/li>\n\n\n\n<li><strong>Des co\u00fbts initiaux plus \u00e9lev\u00e9s<\/strong>: Par rapport aux fabricants asiatiques.<\/li>\n\n\n\n<li><strong>Personnalisation limit\u00e9e<\/strong>: Certains ne proposent que des mod\u00e8les pr\u00e9con\u00e7us.<\/li>\n<\/ul>\n\n\n\n<hr class=\"wp-block-separator has-alpha-channel-opacity\"\/>\n\n\n\n<figure class=\"wp-block-gallery has-nested-images columns-1 is-cropped wp-block-gallery-1 is-layout-flex wp-block-gallery-is-layout-flex\">\n<figure class=\"wp-block-image size-full\"><img fetchpriority=\"high\" decoding=\"async\" width=\"1000\" height=\"1000\" data-id=\"3465\" src=\"https:\/\/s-shaper.com\/wp-content\/uploads\/2024\/01\/SGB31-1-1.jpg\" alt=\"\" class=\"wp-image-3465\" title=\"\" srcset=\"https:\/\/s-shaper.com\/wp-content\/uploads\/2024\/01\/SGB31-1-1.jpg 1000w, https:\/\/s-shaper.com\/wp-content\/uploads\/2024\/01\/SGB31-1-1-300x300.jpg 300w, https:\/\/s-shaper.com\/wp-content\/uploads\/2024\/01\/SGB31-1-1-80x80.jpg 80w, https:\/\/s-shaper.com\/wp-content\/uploads\/2024\/01\/SGB31-1-1-768x768.jpg 768w, https:\/\/s-shaper.com\/wp-content\/uploads\/2024\/01\/SGB31-1-1-600x600.jpg 600w, https:\/\/s-shaper.com\/wp-content\/uploads\/2024\/01\/SGB31-1-1-100x100.jpg 100w\" sizes=\"(max-width: 1000px) 100vw, 1000px\" \/><\/figure>\n\n\n\n<figure class=\"wp-block-image size-full\"><img decoding=\"async\" width=\"1000\" height=\"1000\" data-id=\"3464\" src=\"https:\/\/s-shaper.com\/wp-content\/uploads\/2024\/01\/SGB31-2.jpg\" alt=\"\" class=\"wp-image-3464\" title=\"\" srcset=\"https:\/\/s-shaper.com\/wp-content\/uploads\/2024\/01\/SGB31-2.jpg 1000w, https:\/\/s-shaper.com\/wp-content\/uploads\/2024\/01\/SGB31-2-300x300.jpg 300w, https:\/\/s-shaper.com\/wp-content\/uploads\/2024\/01\/SGB31-2-80x80.jpg 80w, https:\/\/s-shaper.com\/wp-content\/uploads\/2024\/01\/SGB31-2-768x768.jpg 768w, https:\/\/s-shaper.com\/wp-content\/uploads\/2024\/01\/SGB31-2-600x600.jpg 600w, https:\/\/s-shaper.com\/wp-content\/uploads\/2024\/01\/SGB31-2-100x100.jpg 100w\" sizes=\"(max-width: 1000px) 100vw, 1000px\" \/><\/figure>\n\n\n\n<figure class=\"wp-block-image size-full\"><img decoding=\"async\" width=\"1000\" height=\"1000\" data-id=\"3463\" src=\"https:\/\/s-shaper.com\/wp-content\/uploads\/2024\/01\/SGB31-3.jpg\" alt=\"\" class=\"wp-image-3463\" title=\"\" srcset=\"https:\/\/s-shaper.com\/wp-content\/uploads\/2024\/01\/SGB31-3.jpg 1000w, https:\/\/s-shaper.com\/wp-content\/uploads\/2024\/01\/SGB31-3-300x300.jpg 300w, https:\/\/s-shaper.com\/wp-content\/uploads\/2024\/01\/SGB31-3-80x80.jpg 80w, https:\/\/s-shaper.com\/wp-content\/uploads\/2024\/01\/SGB31-3-768x768.jpg 768w, https:\/\/s-shaper.com\/wp-content\/uploads\/2024\/01\/SGB31-3-600x600.jpg 600w, https:\/\/s-shaper.com\/wp-content\/uploads\/2024\/01\/SGB31-3-100x100.jpg 100w\" sizes=\"(max-width: 1000px) 100vw, 1000px\" \/><\/figure>\n<\/figure>\n\n\n\n<h2 class=\"wp-block-heading\">5. Comment s'approvisionner en fajas colombiennes en vrac : un guide \u00e9tape par \u00e9tape pour les d\u00e9taillants<\/h2>\n\n\n\n<p>Que vous achetiez pour un magasin ou une plateforme de commerce \u00e9lectronique, l'approvisionnement en fajas colombiennes en vrac n\u00e9cessite une approche structur\u00e9e afin d'\u00e9viter les retards, les probl\u00e8mes de qualit\u00e9 ou les disparit\u00e9s de stocks.<\/p>\n\n\n\n<h3 class=\"wp-block-heading\">Processus d'approvisionnement \u00e9tape par \u00e9tape<\/h3>\n\n\n\n<h4 class=\"wp-block-heading\">\u00c9tape 1 : D\u00e9finir les sp\u00e9cifications du produit<\/h4>\n\n\n\n<ul class=\"wp-block-list\">\n<li>Style : Cintre, body complet, buste ouvert, post-partum, etc.<\/li>\n\n\n\n<li>Tissu : Powernet, doubl\u00e9 de coton, n\u00e9opr\u00e8ne<\/li>\n\n\n\n<li>Client\u00e8le cible : Fitness, post-chirurgie, v\u00eatements de tous les jours<\/li>\n\n\n\n<li>Taille : XS-5XL ou sur mesure<\/li>\n<\/ul>\n\n\n\n<h4 class=\"wp-block-heading\">\u00c9tape 2 : Choisir judicieusement ses fournisseurs<\/h4>\n\n\n\n<p>Comparer les fabricants en termes de :<\/p>\n\n\n\n<ul class=\"wp-block-list\">\n<li>MOQ (Minimum Order Quantity)<\/li>\n\n\n\n<li>D\u00e9lai de livraison<\/li>\n\n\n\n<li>Co\u00fbts de l'\u00e9chantillon<\/li>\n\n\n\n<li>Capacit\u00e9s OEM\/ODM<\/li>\n\n\n\n<li>Certifications et contr\u00f4le de qualit\u00e9<\/li>\n<\/ul>\n\n\n\n<h4 class=\"wp-block-heading\">\u00c9tape 3 : Demande d'\u00e9chantillons<\/h4>\n\n\n\n<p>Testez toujours :<\/p>\n\n\n\n<ul class=\"wp-block-list\">\n<li>Niveaux de compression<\/li>\n\n\n\n<li>Durabilit\u00e9 des coutures<\/li>\n\n\n\n<li>Forme et confort<\/li>\n\n\n\n<li>Qualit\u00e9 de l'emballage<\/li>\n<\/ul>\n\n\n\n<h4 class=\"wp-block-heading\">\u00c9tape 4 : Passer une commande d'essai<\/h4>\n\n\n\n<p>Commencez par un petit lot (50-100 unit\u00e9s) pour tester la r\u00e9action du march\u00e9 avant de passer \u00e0 l'\u00e9chelle sup\u00e9rieure.<\/p>\n\n\n\n<h4 class=\"wp-block-heading\">\u00c9tape 5 : Suivi de la production et contr\u00f4le de la qualit\u00e9<\/h4>\n\n\n\n<ul class=\"wp-block-list\">\n<li>Demander des photos ou des vid\u00e9os de production<\/li>\n\n\n\n<li>Programmer une inspection par une tierce partie (par exemple, SGS)<\/li>\n\n\n\n<li>Utiliser des instructions claires en mati\u00e8re d'emballage et d'\u00e9tiquetage<\/li>\n<\/ul>\n\n\n\n<h4 class=\"wp-block-heading\">\u00c9tape 6 : Optimiser la logistique<\/h4>\n\n\n\n<ul class=\"wp-block-list\">\n<li>Choisissez le transport a\u00e9rien pour une livraison rapide (7-10 jours)<\/li>\n\n\n\n<li>Utiliser le fret maritime pour les commandes plus importantes (25-35 jours)<\/li>\n\n\n\n<li>Envisager des entrep\u00f4ts sous douane pour les centres de traitement des commandes<\/li>\n<\/ul>\n\n\n\n<hr class=\"wp-block-separator has-alpha-channel-opacity\"\/>\n\n\n\n<h2 class=\"wp-block-heading\">6. S-SHAPER contre les fabricants colombiens de faja : Lequel convient le mieux \u00e0 votre entreprise ?<\/h2>\n\n\n\n<p>Si vous \u00eates attir\u00e9 par la qualit\u00e9 et le design des fajas colombiennes, mais que vous souhaitez \u00e9galement des d\u00e9lais de livraison plus courts, davantage de personnalisation et un meilleur contr\u00f4le de votre cha\u00eene d'approvisionnement, S-SHAPER est une alternative id\u00e9ale. Bas\u00e9 en Chine, <a href=\"https:\/\/s-shaper.com\/fr\/our-factory\/\" target=\"_blank\" rel=\"noreferrer noopener\">S-SHAPER<\/a> fournit des v\u00eatements de forme de style colombien avec des services OEM\/ODM avanc\u00e9s pour les marques internationales.<\/p>\n\n\n\n<h3 class=\"wp-block-heading\">Tableau comparatif : S-SHAPER vs. fabricants colombiens<\/h3>\n\n\n\n<figure class=\"wp-block-table\"><table class=\"has-fixed-layout\"><thead><tr><th>Fonctionnalit\u00e9<\/th><th>Fabricants colombiens<\/th><th>S-SHAPER<\/th><\/tr><\/thead><tbody><tr><td>Authenticit\u00e9 du design<\/td><td>Styles colombiens originaux<\/td><td>Reproduit le style colombien + Conception personnalis\u00e9e<\/td><\/tr><tr><td>D\u00e9lai d'ex\u00e9cution<\/td><td>20-35 jours (production + exp\u00e9dition)<\/td><td>7\u201315 jours (prototypage plus rapide)<\/td><\/tr><tr><td>MOQ<\/td><td>50\u2013100 pi\u00e8ces<\/td><td>50 pi\u00e8ces (faible MOQ disponible)<\/td><\/tr><tr><td>Services OEM\/ODM<\/td><td>Limit\u00e9e<\/td><td>Services complets OEM + ODM<\/td><\/tr><tr><td>Image de marque et emballage personnalis\u00e9s<\/td><td>Certains proposent<\/td><td>Enti\u00e8rement personnalisable<\/td><\/tr><tr><td>Innovation en mati\u00e8re de tissus<\/td><td>Powernet traditionnel<\/td><td>Powernet + technologie avanc\u00e9e sans couture + technologie 3D<\/td><\/tr><tr><td>Langue et communication<\/td><td>Espagnol\/anglais (limit\u00e9)<\/td><td>Assistance B2B en anglais<\/td><\/tr><tr><td>Entreposage et logistique<\/td><td>Livraison locale uniquement<\/td><td>plus de 8 entrep\u00f4ts dans le monde pour une livraison rapide<\/td><\/tr><tr><td>Gamme de produits<\/td><td>Uniquement des fajas<\/td><td>Fajas + serre-taille + bodys + plus<\/td><\/tr><\/tbody><\/table><\/figure>\n\n\n\n<h3 class=\"wp-block-heading\">Pourquoi les d\u00e9taillants choisissent S-SHAPER<\/h3>\n\n\n\n<ul class=\"wp-block-list\">\n<li>\u2705 <strong>Une mise sur le march\u00e9 plus rapide<\/strong>: D\u00e9veloppement de l'\u00e9chantillon en 48 heures.<\/li>\n\n\n\n<li>\u2705 <strong>Mod\u00e8les avanc\u00e9s<\/strong>: Forme sans couture et tissus \u00e9vacuant l'humidit\u00e9.<\/li>\n\n\n\n<li>\u2705 <strong>Fulfillment mondial<\/strong>: Contr\u00f4le des co\u00fbts par le biais d'entrep\u00f4ts internationaux.<\/li>\n\n\n\n<li>\u2705 <strong>Soutien \u00e0 la cr\u00e9ation d'une marque personnalis\u00e9e<\/strong>: Du logo \u00e0 l'emballage et aux encarts.<\/li>\n\n\n\n<li>\u2705 <strong>Production modulable<\/strong>: De 50 pi\u00e8ces \u00e0 plus d'un million par mois.<\/li>\n<\/ul>\n\n\n\n<blockquote class=\"wp-block-quote is-layout-flow wp-block-quote-is-layout-flow\">\n<p>Vous souhaitez lancer votre propre ligne de faja \u00e0 la colombienne ? <a href=\"https:\/\/s-shaper.com\/fr\/contact-us\/\" target=\"_blank\" rel=\"noreferrer noopener\">Contacter S-SHAPER<\/a> pour discuter de vos besoins en mati\u00e8re d'OEM\/ODM et obtenir une consultation gratuite.<\/p>\n<\/blockquote>\n\n\n\n<h2 class=\"wp-block-heading\">7. Marquage priv\u00e9 et services OEM\/ODM pour les fajas de style colombien<\/h2>\n\n\n\n<p>L'\u00e9tiquetage priv\u00e9 est l'un des moyens les plus puissants pour les acheteurs B2B - que vous soyez propri\u00e9taire d'une boutique, vendeur sur Amazon, marque de salle de sport ou clinique post-chirurgicale - de renforcer leur image de marque en utilisant des mod\u00e8les de faja de style colombien \u00e9prouv\u00e9s. Avec l'essor des services OEM (Original Equipment Manufacturer) et ODM (Original Design Manufacturer), les entreprises peuvent d\u00e9sormais lancer des lignes de faja personnalis\u00e9es avec un investissement minimal et une flexibilit\u00e9 maximale.<\/p>\n\n\n\n<h3 class=\"wp-block-heading\">Qu'est-ce que l'\u00e9tiquetage priv\u00e9 pour les fajas ?<\/h3>\n\n\n\n<p>L'\u00e9tiquetage priv\u00e9 vous permet de vous approvisionner en v\u00eatements de forme de haute qualit\u00e9 aupr\u00e8s d'un fabricant exp\u00e9riment\u00e9 et de les vendre sous votre propre marque. Cela comprend :<\/p>\n\n\n\n<ul class=\"wp-block-list\">\n<li>Logos et \u00e9tiquettes personnalis\u00e9s<\/li>\n\n\n\n<li>Emballage personnalis\u00e9 (bo\u00eetes, polybags, \u00e9tiquettes volantes)<\/li>\n\n\n\n<li>Coloris ou tailles exclusifs<\/li>\n\n\n\n<li>Contr\u00f4le de la d\u00e9nomination et de la commercialisation des produits<\/li>\n<\/ul>\n\n\n\n<h3 class=\"wp-block-heading\">OEM contre ODM : quelle est la diff\u00e9rence ?<\/h3>\n\n\n\n<figure class=\"wp-block-table\"><table class=\"has-fixed-layout\"><thead><tr><th>Fonctionnalit\u00e9<\/th><th>OEM (Original Equipment Manufacturer)<\/th><th>ODM (Original Design Manufacturer)<\/th><\/tr><\/thead><tbody><tr><td>Qui fournit la conception<\/td><td>Vous (l'acheteur)<\/td><td>Fabricant (vous choisissez parmi leurs mod\u00e8les)<\/td><\/tr><tr><td>Niveau de personnalisation<\/td><td>Complet (tissu, coupe, taille, emballage, etc.)<\/td><td>Partiel (logo, couleur, modifications mineures)<\/td><\/tr><tr><td>Temps de d\u00e9veloppement<\/td><td>Plus long (n\u00e9cessite des \u00e9chantillons et des cycles de retour d'information)<\/td><td>Plus rapide (styles pr\u00eats \u00e0 produire)<\/td><\/tr><tr><td>Meilleur pour<\/td><td>Marques \u00e9tablies avec des concepts de produits<\/td><td>Startups ou projets \u00e0 lancement rapide<\/td><\/tr><\/tbody><\/table><\/figure>\n\n\n\n<h3 class=\"wp-block-heading\">Pourquoi utiliser S-SHAPER pour les fajas de style colombien sous marque de distributeur ?<\/h3>\n\n\n\n<p><a href=\"https:\/\/s-shaper.com\/fr\/oem-odm-service\/\" target=\"_blank\" rel=\"noreferrer noopener\">S-SHAPER<\/a> offre une solution OEM\/ODM compl\u00e8te adapt\u00e9e aux entreprises qui recherchent une fabrication faja de qualit\u00e9 sup\u00e9rieure sans la complexit\u00e9 de la gestion des fournisseurs en Colombie.<\/p>\n\n\n\n<h4 class=\"wp-block-heading\">Principaux avantages OEM\/ODM de S-SHAPER :<\/h4>\n\n\n\n<ul class=\"wp-block-list\">\n<li>\u2714\ufe0f \u00c9quipe interne de R&amp;D et de design pour d\u00e9velopper des silhouettes d'inspiration colombienne<\/li>\n\n\n\n<li>\u2714\ufe0f Options de tissu de compression avanc\u00e9e : Powernet, sans couture et modelage 3D<\/li>\n\n\n\n<li>\u2714\ufe0f Impression de logos personnalis\u00e9s, \u00e9tiquettes, \u00e9tiquettes volantes et emballages<\/li>\n\n\n\n<li>\u2714\ufe0f Faible MOQ \u00e0 partir de 50 unit\u00e9s seulement<\/li>\n\n\n\n<li>\u2714\ufe0f Prototypage rapide en 48 heures<\/li>\n\n\n\n<li>\u2714\ufe0f Soutien logistique mondial avec plus de 8 entrep\u00f4ts<\/li>\n<\/ul>\n\n\n\n<blockquote class=\"wp-block-quote is-layout-flow wp-block-quote-is-layout-flow\">\n<p>\ud83d\udccc Conseil de pro : Utilisez l'ODM pour les lancements de produits rapides, et passez \u00e0 l'OEM lorsque votre marque prend de l'ampleur et n\u00e9cessite une diff\u00e9renciation plus profonde sur le march\u00e9.<\/p>\n<\/blockquote>\n\n\n\n<hr class=\"wp-block-separator has-alpha-channel-opacity\"\/>\n\n\n\n<figure class=\"wp-block-gallery has-nested-images columns-1 is-cropped wp-block-gallery-2 is-layout-flex wp-block-gallery-is-layout-flex\">\n<figure class=\"wp-block-image size-full\"><img loading=\"lazy\" decoding=\"async\" width=\"1000\" height=\"1000\" data-id=\"3462\" src=\"https:\/\/s-shaper.com\/wp-content\/uploads\/2024\/01\/SGB31-4.jpg\" alt=\"\" class=\"wp-image-3462\" title=\"\" srcset=\"https:\/\/s-shaper.com\/wp-content\/uploads\/2024\/01\/SGB31-4.jpg 1000w, https:\/\/s-shaper.com\/wp-content\/uploads\/2024\/01\/SGB31-4-300x300.jpg 300w, https:\/\/s-shaper.com\/wp-content\/uploads\/2024\/01\/SGB31-4-80x80.jpg 80w, https:\/\/s-shaper.com\/wp-content\/uploads\/2024\/01\/SGB31-4-768x768.jpg 768w, https:\/\/s-shaper.com\/wp-content\/uploads\/2024\/01\/SGB31-4-600x600.jpg 600w, https:\/\/s-shaper.com\/wp-content\/uploads\/2024\/01\/SGB31-4-100x100.jpg 100w\" sizes=\"(max-width: 1000px) 100vw, 1000px\" \/><\/figure>\n\n\n\n<figure class=\"wp-block-image size-full\"><img loading=\"lazy\" decoding=\"async\" width=\"1000\" height=\"1000\" data-id=\"3461\" src=\"https:\/\/s-shaper.com\/wp-content\/uploads\/2024\/01\/SGB31-5.jpg\" alt=\"\" class=\"wp-image-3461\" title=\"\" srcset=\"https:\/\/s-shaper.com\/wp-content\/uploads\/2024\/01\/SGB31-5.jpg 1000w, https:\/\/s-shaper.com\/wp-content\/uploads\/2024\/01\/SGB31-5-300x300.jpg 300w, https:\/\/s-shaper.com\/wp-content\/uploads\/2024\/01\/SGB31-5-80x80.jpg 80w, https:\/\/s-shaper.com\/wp-content\/uploads\/2024\/01\/SGB31-5-768x768.jpg 768w, https:\/\/s-shaper.com\/wp-content\/uploads\/2024\/01\/SGB31-5-600x600.jpg 600w, https:\/\/s-shaper.com\/wp-content\/uploads\/2024\/01\/SGB31-5-100x100.jpg 100w\" sizes=\"(max-width: 1000px) 100vw, 1000px\" \/><\/figure>\n\n\n\n<figure class=\"wp-block-image size-full\"><img loading=\"lazy\" decoding=\"async\" width=\"1000\" height=\"1000\" data-id=\"3459\" src=\"https:\/\/s-shaper.com\/wp-content\/uploads\/2024\/01\/SGB31-7.jpg\" alt=\"\" class=\"wp-image-3459\" title=\"\" srcset=\"https:\/\/s-shaper.com\/wp-content\/uploads\/2024\/01\/SGB31-7.jpg 1000w, https:\/\/s-shaper.com\/wp-content\/uploads\/2024\/01\/SGB31-7-300x300.jpg 300w, https:\/\/s-shaper.com\/wp-content\/uploads\/2024\/01\/SGB31-7-80x80.jpg 80w, https:\/\/s-shaper.com\/wp-content\/uploads\/2024\/01\/SGB31-7-768x768.jpg 768w, https:\/\/s-shaper.com\/wp-content\/uploads\/2024\/01\/SGB31-7-600x600.jpg 600w, https:\/\/s-shaper.com\/wp-content\/uploads\/2024\/01\/SGB31-7-100x100.jpg 100w\" sizes=\"(max-width: 1000px) 100vw, 1000px\" \/><\/figure>\n<\/figure>\n\n\n\n<h2 class=\"wp-block-heading\">8. Strat\u00e9gie de fixation des prix de gros : Maximiser les marges b\u00e9n\u00e9ficiaires sans sacrifier la qualit\u00e9<\/h2>\n\n\n\n<p>En tant que d\u00e9taillant ou distributeur, votre succ\u00e8s commercial d\u00e9pend de la strat\u00e9gie de fixation des prix de vos fajas de style colombien afin de maintenir des marges saines tout en restant comp\u00e9titif sur le march\u00e9.<\/p>\n\n\n\n<h3 class=\"wp-block-heading\">Comment fixer le prix des fajas colombiennes pour la vente au d\u00e9tail ?<\/h3>\n\n\n\n<p>Un mod\u00e8le de prix de gros \u00e0 la vente au d\u00e9tail typique pour les fajas pr\u00e9voit une majoration de 2,5 \u00e0 4 fois, en fonction du public cible et du canal de vente.<\/p>\n\n\n\n<figure class=\"wp-block-table\"><table class=\"has-fixed-layout\"><thead><tr><th>Type de produit<\/th><th>Co\u00fbt moyen Co\u00fbt (en gros)<\/th><th>Prix de vente conseill\u00e9<\/th><th>Canal<\/th><\/tr><\/thead><tbody><tr><td>Ceinture d'entra\u00eenement \u00e0 la taille<\/td><td>8 $ \u2013 12 $<\/td><td>$25-$45<\/td><td>Amazon, Gym Studios<\/td><\/tr><tr><td>Stage 2 Faja<\/td><td>$25-$35<\/td><td>$70-$120<\/td><td>E-commerce, Boutiques<\/td><\/tr><tr><td>Body complet Faja<\/td><td>$30-$45<\/td><td>$85-$150<\/td><td>Cliniques post-chirurgicales, DTC<\/td><\/tr><tr><td>Gaine post-partum<\/td><td>$20-$30<\/td><td>$55-$99<\/td><td>D\u00e9taillants de produits de maternit\u00e9<\/td><\/tr><\/tbody><\/table><\/figure>\n\n\n\n<h3 class=\"wp-block-heading\">Conseils pour maximiser les marges b\u00e9n\u00e9ficiaires<\/h3>\n\n\n\n<h4 class=\"wp-block-heading\">1. Offres group\u00e9es<\/h4>\n\n\n\n<ul class=\"wp-block-list\">\n<li>Vendre ensemble faja + sac de lavage + m\u00e8tre ruban<\/li>\n\n\n\n<li>Combiner avec des baskets ou des leggings de maintien.<\/li>\n<\/ul>\n\n\n\n<h4 class=\"wp-block-heading\">2. Programmes d'abonnement ou de fid\u00e9lisation<\/h4>\n\n\n\n<ul class=\"wp-block-list\">\n<li>Offrir des r\u00e9ductions aux clients r\u00e9guliers<\/li>\n\n\n\n<li>Introduire des niveaux VIP pour les acheteurs en gros<\/li>\n<\/ul>\n\n\n\n<h4 class=\"wp-block-heading\">3. Utiliser une tarification diff\u00e9renci\u00e9e pour les acheteurs B2B<\/h4>\n\n\n\n<ul class=\"wp-block-list\">\n<li>50-100 unit\u00e9s : Prix standard<\/li>\n\n\n\n<li>101-500 unit\u00e9s : 5% r\u00e9duction<\/li>\n\n\n\n<li>501+ unit\u00e9s : 10-15% r\u00e9duction<\/li>\n<\/ul>\n\n\n\n<h4 class=\"wp-block-heading\">4. Proposer un marquage personnalis\u00e9 en tant qu'option premium<\/h4>\n\n\n\n<p>Chargez plus pour :<\/p>\n\n\n\n<ul class=\"wp-block-list\">\n<li>Emballage de marque<\/li>\n\n\n\n<li>Options de couleurs personnalis\u00e9es<\/li>\n\n\n\n<li>\u00c9tiquettes personnalis\u00e9es<\/li>\n<\/ul>\n\n\n\n<h4 class=\"wp-block-heading\">5. R\u00e9duire les retours en proposant des tableaux de dimensionnement pr\u00e9cis<\/h4>\n\n\n\n<p>Fournissez des tableaux des tailles et des vid\u00e9os d\u00e9taill\u00e9s afin de minimiser les retours. Une r\u00e9duction de 10% des retours peut am\u00e9liorer vos marges nettes de 5 \u00e0 8%.<\/p>\n\n\n\n<blockquote class=\"wp-block-quote is-layout-flow wp-block-quote-is-layout-flow\">\n<p>\ud83d\udca1 Vous recherchez des fajas de style colombien de haute qualit\u00e9 avec des prix flexibles et des options de marque priv\u00e9e ? S-SHAPER propose des solutions sur mesure pour les entreprises qui cherchent \u00e0 \u00e9voluer de mani\u00e8re rentable. D\u00e9couvrez leur <a href=\"https:\/\/s-shaper.com\/fr\/product\/\" target=\"_blank\" rel=\"noreferrer noopener\">catalogue de produits ici<\/a>.<\/p>\n<\/blockquote>\n\n\n\n<hr class=\"wp-block-separator has-alpha-channel-opacity\"\/>\n\n\n\n<h2 class=\"wp-block-heading\">9. Foire aux questions (FAQ)<\/h2>\n\n\n\n<h3 class=\"wp-block-heading\">Q1 : Qu'est-ce qui diff\u00e9rencie les fajas colombiennes des v\u00eatements de forme ordinaires ?<\/h3>\n\n\n\n<p>Les fajas colombiennes sont connues pour leurs tissus \u00e0 haute compression, comme le Powernet, et pour leur confection pr\u00e9cise qui permet de sculpter le corps, de le soutenir et de le faire durer. Nombre d'entre elles sont \u00e9galement con\u00e7ues pour la r\u00e9cup\u00e9ration post-chirurgicale ou la p\u00e9riode post-partum, ce qui les rend \u00e0 la fois fonctionnelles et \u00e0 la mode.<\/p>\n\n\n\n<h3 class=\"wp-block-heading\">Q2 : Puis-je cr\u00e9er ma propre marque de fajas de style colombien ?<\/h3>\n\n\n\n<p>Oui. Avec des fabricants comme S-SHAPER, vous pouvez d\u00e9velopper une ligne de marque priv\u00e9e enti\u00e8rement personnalis\u00e9e en utilisant les services OEM ou ODM. Vous pouvez choisir vos propres tissus, coupes, couleurs, \u00e9l\u00e9ments de marque et emballages.<\/p>\n\n\n\n<h3 class=\"wp-block-heading\">Q3 : Quelle est la quantit\u00e9 minimale de commande (MOQ) pour les fajas en gros ?<\/h3>\n\n\n\n<ul class=\"wp-block-list\">\n<li>Fabricants colombiens : 50-100 unit\u00e9s<\/li>\n\n\n\n<li>S-SHAPER : \u00e0 partir de 50 unit\u00e9s, avec une production modulable jusqu'\u00e0 1 million d'unit\u00e9s\/mois<\/li>\n<\/ul>\n\n\n\n<h3 class=\"wp-block-heading\">Q4 : Quelles certifications dois-je rechercher chez un fabricant de faja ?<\/h3>\n\n\n\n<p>Recherchez les certifications ISO 9001 pour la gestion de la qualit\u00e9, la certification OEKO-TEX\u00ae pour la s\u00e9curit\u00e9 des tissus et les inspections de tiers par SGS ou Intertek.<\/p>\n\n\n\n<h3 class=\"wp-block-heading\">Q5 : Y a-t-il une diff\u00e9rence entre les fajas post-chirurgicales et les v\u00eatements moulants ordinaires ?<\/h3>\n\n\n\n<p>Oui. Les fajas post-chirurgicales ont g\u00e9n\u00e9ralement une compression plus \u00e9lev\u00e9e, une doublure interne en coton et des coutures de qualit\u00e9 m\u00e9dicale pour favoriser la cicatrisation apr\u00e8s des interventions telles que la liposuccion, la liposuccion du ventre ou le BBL. Les v\u00eatements de forme ordinaires se concentrent davantage sur le remodelage esth\u00e9tique pour un usage quotidien ou sp\u00e9cial.<\/p>\n\n\n\n<h3 class=\"wp-block-heading\">Q6 : Quel est le d\u00e9lai de r\u00e9ception des commandes de fajas en vrac ?<\/h3>\n\n\n\n<ul class=\"wp-block-list\">\n<li>Depuis la Colombie : 20-35 jours, y compris la production et l'exp\u00e9dition<\/li>\n\n\n\n<li>De S-SHAPER : dans un d\u00e9lai de 7 \u00e0 15 jours avec des options d'entreposage mondial.<\/li>\n<\/ul>\n\n\n\n<hr class=\"wp-block-separator has-alpha-channel-opacity\"\/>\n\n\n\n<h2 class=\"wp-block-heading\">R\u00e9flexions finales et CTA<\/h2>\n\n\n\n<p>Les fajas colombiennes continuent de dominer le march\u00e9 mondial des v\u00eatements de forme en raison de leur conception exceptionnelle, de leur forte compression et de la diversit\u00e9 de leurs utilisations, de la p\u00e9riode postop\u00e9ratoire \u00e0 la mode de tous les jours. Mais s'approvisionner en fajas ne signifie pas qu'il faille s'en remettre uniquement \u00e0 des fournisseurs colombiens.<\/p>\n\n\n\n<p>Gr\u00e2ce \u00e0 des capacit\u00e9s de fabrication avanc\u00e9es, \u00e0 de faibles MOQ et \u00e0 un support OEM\/ODM complet, nous sommes en mesure d'offrir des services de qualit\u00e9 \u00e0 nos clients, <a href=\"https:\/\/s-shaper.com\/fr\/\" target=\"_blank\" rel=\"noreferrer noopener\">S-SHAPER<\/a> permet aux marques du monde entier de lancer ou de d\u00e9velopper leurs gammes de produits faja sans faire de compromis sur la qualit\u00e9, la rapidit\u00e9 ou la personnalisation.<\/p>\n\n\n\n<h3 class=\"wp-block-heading\">Pourquoi S-SHAPER est le fabricant id\u00e9al pour votre marque Faja :<\/h3>\n\n\n\n<ul class=\"wp-block-list\">\n<li>Des fajas authentiques de style colombien avec des am\u00e9liorations modernes<\/li>\n\n\n\n<li>\u2705 Des options OEM et ODM pour r\u00e9pondre aux besoins des start-ups et des marques \u00e9tablies<\/li>\n\n\n\n<li>D\u00e9veloppement d'\u00e9chantillons en 48 heures pour un test de march\u00e9 plus rapide<\/li>\n\n\n\n<li>\u2705 Logistique mondiale et production \u00e9volutive<\/li>\n\n\n\n<li>\u2705 Soutien et consultation B2B d\u00e9di\u00e9s<\/li>\n<\/ul>\n\n\n\n<p>\ud83d\ude80 Vous \u00eates pr\u00eat \u00e0 cr\u00e9er ou \u00e0 d\u00e9velopper votre marque faja ? <a href=\"https:\/\/s-shaper.com\/fr\/contact-us\/\" target=\"_blank\" rel=\"noreferrer noopener\">Contacter S-SHAPER<\/a> d\u00e8s aujourd'hui pour demander un devis, d\u00e9couvrir des \u00e9chantillons de mod\u00e8les et obtenir des conseils d'experts sur le lancement de votre prochain best-seller sur le march\u00e9 des v\u00eatements de compression.<\/p>\n\n\n\n<p><\/p>","protected":false},"excerpt":{"rendered":"<p>1. Why Colombian Fajas Are in High Demand Globally Colombian fajas\u2014compression garments originally developed in Latin America\u2014have become a global trend in the shapewear and post-surgical wear market. Their popularity has surged due to their superior shaping ability, versatility, and the rise of body positivity movements encouraging consumers to embrace their natural curves while enhancing [&hellip;]<\/p>\n","protected":false},"author":3,"featured_media":3460,"comment_status":"closed","ping_status":"closed","sticky":false,"template":"","format":"standard","meta":{"_acf_changed":false,"footnotes":""},"categories":[1],"tags":[],"class_list":["post-6504","post","type-post","status-publish","format-standard","has-post-thumbnail","hentry","category-uncategorized"],"blocksy_meta":[],"acf":[],"_links":{"self":[{"href":"https:\/\/s-shaper.com\/fr\/wp-json\/wp\/v2\/posts\/6504","targetHints":{"allow":["GET"]}}],"collection":[{"href":"https:\/\/s-shaper.com\/fr\/wp-json\/wp\/v2\/posts"}],"about":[{"href":"https:\/\/s-shaper.com\/fr\/wp-json\/wp\/v2\/types\/post"}],"author":[{"embeddable":true,"href":"https:\/\/s-shaper.com\/fr\/wp-json\/wp\/v2\/users\/3"}],"replies":[{"embeddable":true,"href":"https:\/\/s-shaper.com\/fr\/wp-json\/wp\/v2\/comments?post=6504"}],"version-history":[{"count":1,"href":"https:\/\/s-shaper.com\/fr\/wp-json\/wp\/v2\/posts\/6504\/revisions"}],"predecessor-version":[{"id":6505,"href":"https:\/\/s-shaper.com\/fr\/wp-json\/wp\/v2\/posts\/6504\/revisions\/6505"}],"wp:featuredmedia":[{"embeddable":true,"href":"https:\/\/s-shaper.com\/fr\/wp-json\/wp\/v2\/media\/3460"}],"wp:attachment":[{"href":"https:\/\/s-shaper.com\/fr\/wp-json\/wp\/v2\/media?parent=6504"}],"wp:term":[{"taxonomy":"category","embeddable":true,"href":"https:\/\/s-shaper.com\/fr\/wp-json\/wp\/v2\/categories?post=6504"},{"taxonomy":"post_tag","embeddable":true,"href":"https:\/\/s-shaper.com\/fr\/wp-json\/wp\/v2\/tags?post=6504"}],"curies":[{"name":"wp","href":"https:\/\/api.w.org\/{rel}","templated":true}]}}