{"id":5856,"date":"2025-03-04T00:00:00","date_gmt":"2025-03-04T00:00:00","guid":{"rendered":"https:\/\/s-shaper.com\/?p=5856"},"modified":"2024-07-15T02:13:29","modified_gmt":"2024-07-15T02:13:29","slug":"lifting-power-of-face-shapewear-for-sagging-skin","status":"publish","type":"post","link":"https:\/\/s-shaper.com\/es\/lifting-power-of-face-shapewear-for-sagging-skin\/","title":{"rendered":"El poder lifting de las fajas faciales para la piel fl\u00e1cida"},"content":{"rendered":"<figure class=\"wp-block-gallery has-nested-images columns-4 is-cropped wp-block-gallery-1 is-layout-flex wp-block-gallery-is-layout-flex\">\n<figure class=\"wp-block-image size-large\"><img fetchpriority=\"high\" decoding=\"async\" width=\"1000\" height=\"1000\" data-id=\"2455\" src=\"https:\/\/s-shaper.com\/wp-content\/uploads\/2023\/12\/Stage-1-Custom-Logo-Face-Shaper-Garment-Fajas-Colombianas-High-Compression-Post-bandage-Surgery-Faha-Shapewear-03.jpg\" alt=\"\" class=\"wp-image-2455\" title=\"\" srcset=\"https:\/\/s-shaper.com\/wp-content\/uploads\/2023\/12\/Stage-1-Custom-Logo-Face-Shaper-Garment-Fajas-Colombianas-High-Compression-Post-bandage-Surgery-Faha-Shapewear-03.jpg 1000w, https:\/\/s-shaper.com\/wp-content\/uploads\/2023\/12\/Stage-1-Custom-Logo-Face-Shaper-Garment-Fajas-Colombianas-High-Compression-Post-bandage-Surgery-Faha-Shapewear-03-600x600.jpg 600w, https:\/\/s-shaper.com\/wp-content\/uploads\/2023\/12\/Stage-1-Custom-Logo-Face-Shaper-Garment-Fajas-Colombianas-High-Compression-Post-bandage-Surgery-Faha-Shapewear-03-100x100.jpg 100w, https:\/\/s-shaper.com\/wp-content\/uploads\/2023\/12\/Stage-1-Custom-Logo-Face-Shaper-Garment-Fajas-Colombianas-High-Compression-Post-bandage-Surgery-Faha-Shapewear-03-300x300.jpg 300w, https:\/\/s-shaper.com\/wp-content\/uploads\/2023\/12\/Stage-1-Custom-Logo-Face-Shaper-Garment-Fajas-Colombianas-High-Compression-Post-bandage-Surgery-Faha-Shapewear-03-80x80.jpg 80w, https:\/\/s-shaper.com\/wp-content\/uploads\/2023\/12\/Stage-1-Custom-Logo-Face-Shaper-Garment-Fajas-Colombianas-High-Compression-Post-bandage-Surgery-Faha-Shapewear-03-768x768.jpg 768w\" sizes=\"(max-width: 1000px) 100vw, 1000px\" \/><\/figure>\n\n\n\n<figure class=\"wp-block-image size-large\"><img decoding=\"async\" width=\"1000\" height=\"1000\" data-id=\"2454\" src=\"https:\/\/s-shaper.com\/wp-content\/uploads\/2023\/12\/Stage-1-Custom-Logo-Face-Shaper-Garment-Fajas-Colombianas-High-Compression-Post-bandage-Surgery-Faha-Shapewear-04.jpg\" alt=\"\" class=\"wp-image-2454\" title=\"\" srcset=\"https:\/\/s-shaper.com\/wp-content\/uploads\/2023\/12\/Stage-1-Custom-Logo-Face-Shaper-Garment-Fajas-Colombianas-High-Compression-Post-bandage-Surgery-Faha-Shapewear-04.jpg 1000w, https:\/\/s-shaper.com\/wp-content\/uploads\/2023\/12\/Stage-1-Custom-Logo-Face-Shaper-Garment-Fajas-Colombianas-High-Compression-Post-bandage-Surgery-Faha-Shapewear-04-600x600.jpg 600w, https:\/\/s-shaper.com\/wp-content\/uploads\/2023\/12\/Stage-1-Custom-Logo-Face-Shaper-Garment-Fajas-Colombianas-High-Compression-Post-bandage-Surgery-Faha-Shapewear-04-100x100.jpg 100w, https:\/\/s-shaper.com\/wp-content\/uploads\/2023\/12\/Stage-1-Custom-Logo-Face-Shaper-Garment-Fajas-Colombianas-High-Compression-Post-bandage-Surgery-Faha-Shapewear-04-300x300.jpg 300w, https:\/\/s-shaper.com\/wp-content\/uploads\/2023\/12\/Stage-1-Custom-Logo-Face-Shaper-Garment-Fajas-Colombianas-High-Compression-Post-bandage-Surgery-Faha-Shapewear-04-80x80.jpg 80w, https:\/\/s-shaper.com\/wp-content\/uploads\/2023\/12\/Stage-1-Custom-Logo-Face-Shaper-Garment-Fajas-Colombianas-High-Compression-Post-bandage-Surgery-Faha-Shapewear-04-768x768.jpg 768w\" sizes=\"(max-width: 1000px) 100vw, 1000px\" \/><\/figure>\n\n\n\n<figure class=\"wp-block-image size-large\"><img decoding=\"async\" width=\"1000\" height=\"1000\" data-id=\"2453\" src=\"https:\/\/s-shaper.com\/wp-content\/uploads\/2023\/12\/Stage-1-Custom-Logo-Face-Shaper-Garment-Fajas-Colombianas-High-Compression-Post-bandage-Surgery-Faha-Shapewear-05.jpg\" alt=\"\" class=\"wp-image-2453\" title=\"\" srcset=\"https:\/\/s-shaper.com\/wp-content\/uploads\/2023\/12\/Stage-1-Custom-Logo-Face-Shaper-Garment-Fajas-Colombianas-High-Compression-Post-bandage-Surgery-Faha-Shapewear-05.jpg 1000w, https:\/\/s-shaper.com\/wp-content\/uploads\/2023\/12\/Stage-1-Custom-Logo-Face-Shaper-Garment-Fajas-Colombianas-High-Compression-Post-bandage-Surgery-Faha-Shapewear-05-600x600.jpg 600w, https:\/\/s-shaper.com\/wp-content\/uploads\/2023\/12\/Stage-1-Custom-Logo-Face-Shaper-Garment-Fajas-Colombianas-High-Compression-Post-bandage-Surgery-Faha-Shapewear-05-100x100.jpg 100w, https:\/\/s-shaper.com\/wp-content\/uploads\/2023\/12\/Stage-1-Custom-Logo-Face-Shaper-Garment-Fajas-Colombianas-High-Compression-Post-bandage-Surgery-Faha-Shapewear-05-300x300.jpg 300w, https:\/\/s-shaper.com\/wp-content\/uploads\/2023\/12\/Stage-1-Custom-Logo-Face-Shaper-Garment-Fajas-Colombianas-High-Compression-Post-bandage-Surgery-Faha-Shapewear-05-80x80.jpg 80w, https:\/\/s-shaper.com\/wp-content\/uploads\/2023\/12\/Stage-1-Custom-Logo-Face-Shaper-Garment-Fajas-Colombianas-High-Compression-Post-bandage-Surgery-Faha-Shapewear-05-768x768.jpg 768w\" sizes=\"(max-width: 1000px) 100vw, 1000px\" \/><\/figure>\n\n\n\n<figure class=\"wp-block-image size-large\"><img loading=\"lazy\" decoding=\"async\" width=\"1000\" height=\"1000\" data-id=\"2456\" src=\"https:\/\/s-shaper.com\/wp-content\/uploads\/2023\/12\/Stage-1-Custom-Logo-Face-Shaper-Garment-Fajas-Colombianas-High-Compression-Post-bandage-Surgery-Faha-Shapewear-02.jpg\" alt=\"\" class=\"wp-image-2456\" title=\"\" srcset=\"https:\/\/s-shaper.com\/wp-content\/uploads\/2023\/12\/Stage-1-Custom-Logo-Face-Shaper-Garment-Fajas-Colombianas-High-Compression-Post-bandage-Surgery-Faha-Shapewear-02.jpg 1000w, https:\/\/s-shaper.com\/wp-content\/uploads\/2023\/12\/Stage-1-Custom-Logo-Face-Shaper-Garment-Fajas-Colombianas-High-Compression-Post-bandage-Surgery-Faha-Shapewear-02-600x600.jpg 600w, https:\/\/s-shaper.com\/wp-content\/uploads\/2023\/12\/Stage-1-Custom-Logo-Face-Shaper-Garment-Fajas-Colombianas-High-Compression-Post-bandage-Surgery-Faha-Shapewear-02-100x100.jpg 100w, https:\/\/s-shaper.com\/wp-content\/uploads\/2023\/12\/Stage-1-Custom-Logo-Face-Shaper-Garment-Fajas-Colombianas-High-Compression-Post-bandage-Surgery-Faha-Shapewear-02-300x300.jpg 300w, https:\/\/s-shaper.com\/wp-content\/uploads\/2023\/12\/Stage-1-Custom-Logo-Face-Shaper-Garment-Fajas-Colombianas-High-Compression-Post-bandage-Surgery-Faha-Shapewear-02-80x80.jpg 80w, https:\/\/s-shaper.com\/wp-content\/uploads\/2023\/12\/Stage-1-Custom-Logo-Face-Shaper-Garment-Fajas-Colombianas-High-Compression-Post-bandage-Surgery-Faha-Shapewear-02-768x768.jpg 768w\" sizes=\"(max-width: 1000px) 100vw, 1000px\" \/><\/figure>\n<\/figure>\n\n\n\n<h2 class=\"wp-block-heading\"><strong>Introducci\u00f3n<\/strong><\/h2>\n\n\n\n<p>En un mundo obsesionado con el aspecto juvenil y el contorno facial, la aparici\u00f3n de los <a href=\"https:\/\/en.wikipedia.org\/wiki\/Foundation_garment\" target=\"_blank\" rel=\"noopener\">ropa moldeadora<\/a> ha sido nada menos que revolucionario. Estos innovadores productos prometen combatir los signos del envejecimiento, en particular la flacidez de la piel, sin necesidad de procedimientos invasivos. Pero, \u00bfproporcionan realmente los beneficios de lifting que afirman? Este blog explora la ciencia, la eficacia y el uso pr\u00e1ctico de las fajas faciales para reafirmar la piel fl\u00e1cida.<\/p>\n\n\n\n<h2 class=\"wp-block-heading\"><strong>Comprender las formas de la cara<\/strong><\/h2>\n\n\n\n<h3 class=\"wp-block-heading\"><strong>\u00bfQu\u00e9 es la faja facial?<\/strong><\/h3>\n\n\n\n<p>Las prendas moldeadoras faciales, tambi\u00e9n conocidas como bandas reafirmantes o bandas lifting, est\u00e1n dise\u00f1adas para mejorar el contorno facial y combatir la flacidez de la piel. Estos productos suelen presentarse en diversas formas, como bandas el\u00e1sticas, m\u00e1scaras y envolturas que ejercen una suave presi\u00f3n sobre el rostro y el cuello.<\/p>\n\n\n\n<h3 class=\"wp-block-heading\"><strong>Tipos de moldeadores faciales<\/strong><\/h3>\n\n\n\n<ol class=\"wp-block-list\">\n<li><strong>Bandas el\u00e1sticas:<\/strong>\u00a0Correas ajustables que envuelven la cara y la cabeza, centr\u00e1ndose en elevar la mand\u00edbula y las mejillas.<\/li>\n\n\n\n<li><strong>Mascarillas reafirmantes:<\/strong>\u00a0Mascarillas que cubren todo el rostro, a menudo con ingredientes para el cuidado de la piel que aportan beneficios adicionales.<\/li>\n\n\n\n<li><strong>Mentoneras:<\/strong>\u00a0Dise\u00f1ado espec\u00edficamente para la zona del ment\u00f3n y el cuello, reduce la apariencia de papada.<\/li>\n\n\n\n<li><strong>M\u00e1scaras V-Line:<\/strong>\u00a0Su forma realza la l\u00ednea en V del rostro, afinando y definiendo la mand\u00edbula.<\/li>\n<\/ol>\n\n\n\n<h2 class=\"wp-block-heading\"><strong>\u00bfC\u00f3mo funciona la faja facial?<\/strong><\/h2>\n\n\n\n<h3 class=\"wp-block-heading\"><strong>Compresi\u00f3n y sujeci\u00f3n<\/strong><\/h3>\n\n\n\n<p>Las fajas faciales act\u00faan principalmente por compresi\u00f3n. Al aplicar una presi\u00f3n constante en zonas concretas, estos productos levantan la piel fl\u00e1cida, redefinen el contorno facial y reducen las bolsas. La compresi\u00f3n tambi\u00e9n mejora la circulaci\u00f3n sangu\u00ednea y el drenaje linf\u00e1tico, lo que puede mejorar el tono y la textura de la piel.<\/p>\n\n\n\n<h3 class=\"wp-block-heading\"><strong>Acci\u00f3n t\u00e9rmica<\/strong><\/h3>\n\n\n\n<p>Algunos productos moldeadores faciales incorporan materiales que generan calor. Este efecto t\u00e9rmico estimula el flujo sangu\u00edneo, favoreciendo la producci\u00f3n de col\u00e1geno y mejorando la elasticidad de la piel. El calor tambi\u00e9n ayuda a reducir la hinchaz\u00f3n y las bolsas, proporcionando un aspecto m\u00e1s firme.<\/p>\n\n\n\n<h3 class=\"wp-block-heading\"><strong>Infusi\u00f3n de principios activos<\/strong><\/h3>\n\n\n\n<p>Algunas mascarillas faciales contienen ingredientes activos como \u00e1cido hialur\u00f3nico, p\u00e9ptidos y antioxidantes. Estos ingredientes penetran en la piel durante su uso, proporcionando hidrataci\u00f3n, reafirmaci\u00f3n y beneficios antienvejecimiento.<\/p>\n\n\n\n<h3 class=\"wp-block-heading\"><strong>Entrenamiento de la memoria muscular<\/strong><\/h3>\n\n\n\n<p>El uso regular de prendas moldeadoras puede ayudar a entrenar los m\u00fasculos faciales para mantener una posici\u00f3n elevada. Con el tiempo, este entrenamiento muscular puede producir efectos lifting m\u00e1s duraderos, incluso cuando no se lleva la faja.<\/p>\n\n\n\n<h2 class=\"wp-block-heading\"><strong>Beneficios de la faja facial para la piel fl\u00e1cida<\/strong><\/h2>\n\n\n\n<h3 class=\"wp-block-heading\"><strong>1. Soluci\u00f3n no invasiva<\/strong><\/h3>\n\n\n\n<p>Las prendas moldeadoras faciales ofrecen una alternativa no invasiva a los procedimientos quir\u00fargicos, proporcionando beneficios de lifting sin los riesgos y el tiempo de recuperaci\u00f3n asociados a la cirug\u00eda.<\/p>\n\n\n\n<h3 class=\"wp-block-heading\"><strong>2. Efectos inmediatos<\/strong><\/h3>\n\n\n\n<p>Muchos usuarios notan efectos de lifting y reafirmaci\u00f3n inmediatos tras un solo uso. La compresi\u00f3n reduce las bolsas y la piel aparece m\u00e1s tensa y tonificada.<\/p>\n\n\n\n<h3 class=\"wp-block-heading\"><strong>3. Rutina de cuidado de la piel mejorada<\/strong><\/h3>\n\n\n\n<p>El uso de tratamientos faciales junto con la rutina habitual de cuidado de la piel puede mejorar la absorci\u00f3n de los principios activos y maximizar sus beneficios.<\/p>\n\n\n\n<h3 class=\"wp-block-heading\"><strong>4. Enfoque rentable<\/strong><\/h3>\n\n\n\n<p>En comparaci\u00f3n con los costosos tratamientos cosm\u00e9ticos, las prendas moldeadoras faciales son una opci\u00f3n asequible que proporciona notables beneficios lifting.<\/p>\n\n\n\n<h3 class=\"wp-block-heading\"><strong>5. F\u00e1cil integraci\u00f3n en la rutina diaria<\/strong><\/h3>\n\n\n\n<p>Los moldeadores faciales son f\u00e1ciles de usar y de incorporar a su r\u00e9gimen de belleza diario. La mayor\u00eda de los productos est\u00e1n dise\u00f1ados para que sean c\u00f3modos de llevar y pueden ajustarse perfectamente a tu rostro.<\/p>\n\n\n\n<h2 class=\"wp-block-heading\"><strong>Estudio de caso: La experiencia de Sarah con Face Shapewear<\/strong><\/h2>\n\n\n\n<h3 class=\"wp-block-heading\"><strong>Antecedentes<\/strong><\/h3>\n\n\n\n<p>Sarah, una profesional de 45 a\u00f1os, empez\u00f3 a notar la piel fl\u00e1cida alrededor de la mand\u00edbula y las mejillas. Como no estaba dispuesta a someterse a procedimientos invasivos, busc\u00f3 una alternativa: las fajas moldeadoras.<\/p>\n\n\n\n<h3 class=\"wp-block-heading\"><strong>Experiencia inicial<\/strong><\/h3>\n\n\n\n<p>Sarah empez\u00f3 a utilizar una banda el\u00e1stica facial tres veces por semana. Su rutina consist\u00eda en limpiarse la cara, aplicarse sus productos habituales para el cuidado de la piel y ponerse la banda el\u00e1stica durante 45 minutos.<\/p>\n\n\n\n<h3 class=\"wp-block-heading\"><strong>Resultados a lo largo del tiempo<\/strong><\/h3>\n\n\n\n<ul class=\"wp-block-list\">\n<li><strong>Semana 1:<\/strong>\u00a0Sarah not\u00f3 una reducci\u00f3n inmediata de las bolsas y un ligero estiramiento de la mand\u00edbula.<\/li>\n\n\n\n<li><strong>Mes 1:<\/strong>\u00a0Su uso continuado le proporcion\u00f3 unos contornos faciales m\u00e1s definidos. Amigos y compa\u00f1eros comentaron su aspecto renovado.<\/li>\n\n\n\n<li><strong>Mes 3:<\/strong>\u00a0La flacidez de la piel de Sarah se redujo considerablemente y su tono general mejor\u00f3. Sigui\u00f3 utilizando el moldeador facial como parte de su rutina de belleza habitual.<\/li>\n<\/ul>\n\n\n\n<h3 class=\"wp-block-heading\"><strong>Conclusi\u00f3n<\/strong><\/h3>\n\n\n\n<p>El viaje de Sarah muestra los beneficios potenciales del lifting facial. Aunque los resultados no fueron permanentes, su uso regular la ayud\u00f3 a conseguir un aspecto m\u00e1s joven y tonificado sin cirug\u00eda.<\/p>\n\n\n\n<h2 class=\"wp-block-heading\"><strong>C\u00f3mo utilizar eficazmente la faja facial<\/strong><\/h2>\n\n\n\n<h3 class=\"wp-block-heading\"><strong>1. Limpiar la cara<\/strong><\/h3>\n\n\n\n<p>Comience con el rostro limpio para evitar irritaciones y permitir que los ingredientes activos se absorban eficazmente.<\/p>\n\n\n\n<h3 class=\"wp-block-heading\"><strong>2. Aplicar productos para el cuidado de la piel<\/strong><\/h3>\n\n\n\n<p>Apl\u00edcate tus productos habituales para el cuidado de la piel antes de ponerte las prendas moldeadoras. Esto ayuda a fijar los productos y a potenciar sus beneficios.<\/p>\n\n\n\n<h3 class=\"wp-block-heading\"><strong>3. Garantizar un ajuste adecuado<\/strong><\/h3>\n\n\n\n<p>Siga las instrucciones para llevar correctamente la m\u00e1scara facial. Ajusta los tirantes o la m\u00e1scara para que queden ce\u00f1idos pero c\u00f3modos.<\/p>\n\n\n\n<h3 class=\"wp-block-heading\"><strong>4. Llevar durante el tiempo recomendado<\/strong><\/h3>\n\n\n\n<p>La mayor\u00eda de las fajas faciales recomiendan llevarlas entre 30 minutos y una hora. Evita llevarlas durante mucho tiempo para evitar molestias.<\/p>\n\n\n\n<h3 class=\"wp-block-heading\"><strong>5. La coherencia es la clave<\/strong><\/h3>\n\n\n\n<p>Para obtener los mejores resultados, utilice el moldeador facial de forma constante. Incorp\u00f3rela a su rutina varias veces por semana para mantener los efectos lifting.<\/p>\n\n\n\n<h2 class=\"wp-block-heading\"><strong>Comparaci\u00f3n: Las fajas faciales frente a otros m\u00e9todos de lifting<\/strong><\/h2>\n\n\n\n<figure class=\"wp-block-table\"><table><thead><tr><th><strong>Aspecto<\/strong><\/th><th><strong>Fajas faciales<\/strong><\/th><th><strong>Ejercicios faciales<\/strong><\/th><th><strong>Procedimientos cosm\u00e9ticos<\/strong><\/th><\/tr><\/thead><tbody><tr><td><strong>Invasividad<\/strong><\/td><td>No invasivo<\/td><td>No invasivo<\/td><td>Invasivos (por ejemplo, lifting facial, rellenos)<\/td><\/tr><tr><td><strong>Coste<\/strong><\/td><td>Asequible<\/td><td>Gratuito o de bajo coste<\/td><td>Coste elevado<\/td><\/tr><tr><td><strong>Resultados<\/strong><\/td><td>Inmediata pero temporal<\/td><td>Gradual y a largo plazo<\/td><td>Inmediato y a largo plazo<\/td><\/tr><tr><td><strong>Conveniencia<\/strong><\/td><td>F\u00e1cil de usar<\/td><td>Requiere una pr\u00e1ctica regular<\/td><td>Requiere intervenci\u00f3n profesional<\/td><\/tr><tr><td><strong>Riesgo de efectos secundarios<\/strong><\/td><td>Baja, posible sensibilidad cut\u00e1nea<\/td><td>Baja, posible distensi\u00f3n muscular<\/td><td>Alto, potencial de complicaciones<\/td><\/tr><\/tbody><\/table><\/figure>\n\n\n\n<h2 class=\"wp-block-heading\"><strong>Posibles inconvenientes y precauciones<\/strong><\/h2>\n\n\n\n<h3 class=\"wp-block-heading\"><strong>1. Resultados provisionales<\/strong><\/h3>\n\n\n\n<p>El efecto lifting de las fajas moldeadoras suele ser temporal y su mantenimiento requiere un uso regular. Es importante manejar sus expectativas y entender que no es una soluci\u00f3n permanente.<\/p>\n\n\n\n<h3 class=\"wp-block-heading\"><strong>2. Sensibilidad cut\u00e1nea<\/strong><\/h3>\n\n\n\n<p>Algunos usuarios pueden experimentar sensibilidad o irritaci\u00f3n de la piel. Realice siempre una prueba del parche con productos nuevos e interrumpa su uso si se produce alguna reacci\u00f3n adversa.<\/p>\n\n\n\n<h3 class=\"wp-block-heading\"><strong>3. Ajuste adecuado<\/strong><\/h3>\n\n\n\n<p>Garantizar un ajuste adecuado es crucial para la eficacia. Los productos mal ajustados pueden causar molestias y no ofrecer los resultados deseados.<\/p>\n\n\n\n<h2 class=\"wp-block-heading\"><strong>Opiniones de expertos sobre los moldeadores faciales<\/strong><\/h2>\n\n\n\n<p>Muchos dermat\u00f3logos y expertos en el cuidado de la piel reconocen los beneficios potenciales de las fajas faciales, sobre todo como opci\u00f3n no invasiva para reafirmar la piel fl\u00e1cida. Aunque no sustituye a los tratamientos m\u00e1s intensivos, es un valioso complemento a un r\u00e9gimen completo de cuidado de la piel.<\/p>\n\n\n\n<h3 class=\"wp-block-heading\"><strong>Ideas de la Dra. Emily<\/strong><\/h3>\n\n\n\n<p>La Dra. Emily, dermat\u00f3loga con m\u00e1s de 20 a\u00f1os de experiencia, se\u00f1ala:<\/p>\n\n\n\n<blockquote class=\"wp-block-quote is-layout-flow wp-block-quote-is-layout-flow\">\n<p>\"Las prendas moldeadoras faciales pueden proporcionar un efecto lifting inmediato y mejorar el aspecto general de la piel fl\u00e1cida. Sin embargo, debe utilizarse como parte de una rutina de cuidado de la piel m\u00e1s amplia para obtener resultados \u00f3ptimos.\"<\/p>\n<\/blockquote>\n\n\n\n<h3 class=\"wp-block-heading\"><strong>Perspectiva del Dr. Michael<\/strong><\/h3>\n\n\n\n<p>a\u00f1ade el Dr. Michael, cirujano est\u00e9tico:<\/p>\n\n\n\n<blockquote class=\"wp-block-quote is-layout-flow wp-block-quote-is-layout-flow\">\n<p>\"Aunque las prendas moldeadoras faciales no sustituyen a las intervenciones quir\u00fargicas, ofrecen una alternativa no invasiva que puede mejorar el contorno facial y proporcionar efectos lifting temporales.\"<\/p>\n<\/blockquote>\n\n\n\n<h2 class=\"wp-block-heading\"><strong>Conclusi\u00f3n<\/strong><\/h2>\n\n\n\n<p>El moldeador facial es una herramienta revolucionaria en la lucha contra la flacidez de la piel, que ofrece una soluci\u00f3n no invasiva y rentable para mejorar el contorno facial. Comprendiendo c\u00f3mo funciona y siguiendo las mejores pr\u00e1cticas, puedes maximizar sus beneficios de lifting e incorporarlo a tu rutina de belleza habitual. Tanto si busca un efecto lifting inmediato para una ocasi\u00f3n especial como una soluci\u00f3n constante para el d\u00eda a d\u00eda, la faja facial es un complemento vers\u00e1til y valioso para su arsenal de cuidados de la piel.<\/p>","protected":false},"excerpt":{"rendered":"<p>Este blog explora la ciencia, la eficacia y el uso pr\u00e1ctico de las fajas faciales para estirar la piel fl\u00e1cida.<\/p>","protected":false},"author":2,"featured_media":2454,"comment_status":"closed","ping_status":"closed","sticky":false,"template":"","format":"standard","meta":{"_acf_changed":false,"footnotes":""},"categories":[1],"tags":[],"class_list":["post-5856","post","type-post","status-publish","format-standard","has-post-thumbnail","hentry","category-uncategorized"],"blocksy_meta":[],"acf":[],"_links":{"self":[{"href":"https:\/\/s-shaper.com\/es\/wp-json\/wp\/v2\/posts\/5856","targetHints":{"allow":["GET"]}}],"collection":[{"href":"https:\/\/s-shaper.com\/es\/wp-json\/wp\/v2\/posts"}],"about":[{"href":"https:\/\/s-shaper.com\/es\/wp-json\/wp\/v2\/types\/post"}],"author":[{"embeddable":true,"href":"https:\/\/s-shaper.com\/es\/wp-json\/wp\/v2\/users\/2"}],"replies":[{"embeddable":true,"href":"https:\/\/s-shaper.com\/es\/wp-json\/wp\/v2\/comments?post=5856"}],"version-history":[{"count":2,"href":"https:\/\/s-shaper.com\/es\/wp-json\/wp\/v2\/posts\/5856\/revisions"}],"predecessor-version":[{"id":5858,"href":"https:\/\/s-shaper.com\/es\/wp-json\/wp\/v2\/posts\/5856\/revisions\/5858"}],"wp:featuredmedia":[{"embeddable":true,"href":"https:\/\/s-shaper.com\/es\/wp-json\/wp\/v2\/media\/2454"}],"wp:attachment":[{"href":"https:\/\/s-shaper.com\/es\/wp-json\/wp\/v2\/media?parent=5856"}],"wp:term":[{"taxonomy":"category","embeddable":true,"href":"https:\/\/s-shaper.com\/es\/wp-json\/wp\/v2\/categories?post=5856"},{"taxonomy":"post_tag","embeddable":true,"href":"https:\/\/s-shaper.com\/es\/wp-json\/wp\/v2\/tags?post=5856"}],"curies":[{"name":"wp","href":"https:\/\/api.w.org\/{rel}","templated":true}]}}